{"id":21240,"__str__":"Autoria: Jo\u00e3o Veras - Indica\u00e7\u00e3o n\u00ba 778 de 2023","link_detail_backend":"/materia/autoria/21240","metadata":{},"primeiro_autor":true,"autor":115,"materia":19329}