{"id":10135,"__str__":"Requerimento n\u00ba 691 de 2015","link_detail_backend":"/materia/10135","metadata":{},"numero":691,"ano":2015,"numero_protocolo":null,"data_apresentacao":"2015-08-25","tipo_apresentacao":"","data_publicacao":null,"numero_origem_externa":"","ano_origem_externa":null,"data_origem_externa":null,"apelido":"","dias_prazo":null,"data_fim_prazo":null,"em_tramitacao":false,"polemica":null,"objeto":"","complementar":null,"ementa":"REQUER AO SECRET\u00c1RIO MUNICIPAL DE SERVI\u00c7OS URBANOS, A COLOCA\u00c7\u00c3O DE TAMPAS DOS BUEIROS SITUADOS ATR\u00c1S DO POSTINHO DE SA\u00daDE JO\u00c3O RIBEIRO ONDE SE INSTALA A FEIRINHA DO PRODUTOR NAS QUARTAS FEIRAS.","indexacao":"REQUER AO SECRET\u00c1RIO MUNICIPAL DE SERVI\u00c7OS URBANOS, A COLOCA\u00c7\u00c3O DE TAMPAS DOS BUEIROS SITUADOS ATR\u00c1S DO POSTINHO DE SA\u00daDE JO\u00c3O RIBEIRO ONDE SE INSTALA A FEIRINHA DO PRODUTOR NAS QUARTAS FEIRAS.","observacao":"of\u00edcio n\u00ba 331/2015","resultado":" ","texto_original":null,"data_ultima_atualizacao":"2018-10-05T13:36:43.419350-03:00","ip":"","ultima_edicao":null,"tipo":3,"regime_tramitacao":1,"tipo_origem_externa":null,"local_origem_externa":null,"user":null,"anexadas":[],"autores":[82]}