{"id":10219,"__str__":"Requerimento n\u00ba 768 de 2015","link_detail_backend":"/materia/10219","metadata":{},"numero":768,"ano":2015,"numero_protocolo":null,"data_apresentacao":"2015-10-06","tipo_apresentacao":"","data_publicacao":null,"numero_origem_externa":"","ano_origem_externa":null,"data_origem_externa":null,"apelido":"","dias_prazo":null,"data_fim_prazo":null,"em_tramitacao":false,"polemica":null,"objeto":"","complementar":null,"ementa":"SOLICITA AO PREFEITO ARACELY DE PAULA QUE, ESTUDE A POSSIBILIDADE DE IMPLANTA\u00c7\u00c3O DAS SUGEST\u00d5ES ABAIXO RELACIONADAS, APRESENTADAS PELOS ALUNOS DA ESCOLA ESTADUAL CORONEL JOS\u00c9 ADOLFO DE AGUIAR, ALUSIVO AO PROJETO CIDADANIA \"DE CARA COM O POL\u00cdTICO\".\r\nOFERECER PASSEIOS CULTURAIS PARA ALUNOS DAS ESCOLAS P\u00daBLICAS E INSTALA\u00c7\u00c3O DE REDE WI-FI EM PRA\u00c7AS P\u00daBLICAS GRATUITAMENTE.\r\n","indexacao":"SOLICITA AO PREFEITO ARACELY DE PAULA QUE, ESTUDE A POSSIBILIDADE DE IMPLANTA\u00c7\u00c3O DAS SUGEST\u00d5ES ABAIXO RELACIONADAS, APRESENTADAS PELOS ALUNOS DA ESCOLA ESTADUAL CORONEL JOS\u00c9 ADOLFO DE AGUIAR, ALUSIVO AO PROJETO CIDADANIA \"DE CARA COM O POL\u00cdTICO\".\r\nOFERECER PASSEIOS CULTURAIS PARA ALUNOS DAS ESCOLAS P\u00daBLICAS E INSTALA\u00c7\u00c3O DE REDE WI-FI EM PRA\u00c7AS P\u00daBLICAS GRATUITAMENTE.","observacao":"Of\u00edcio 398/2015.","resultado":" ","texto_original":null,"data_ultima_atualizacao":"2018-10-05T13:36:43.429716-03:00","ip":"","ultima_edicao":null,"tipo":3,"regime_tramitacao":1,"tipo_origem_externa":null,"local_origem_externa":null,"user":null,"anexadas":[],"autores":[]}