{"id":10238,"__str__":"Requerimento n\u00ba 777 de 2015","link_detail_backend":"/materia/10238","metadata":{},"numero":777,"ano":2015,"numero_protocolo":null,"data_apresentacao":"2015-10-13","tipo_apresentacao":"","data_publicacao":null,"numero_origem_externa":"","ano_origem_externa":null,"data_origem_externa":null,"apelido":"","dias_prazo":null,"data_fim_prazo":null,"em_tramitacao":false,"polemica":null,"objeto":"","complementar":null,"ementa":"ENCAMINHA MO\u00c7\u00c3O DE CONGRATULA\u00c7\u00d5ES E RECONHECIMENTO A SENHORA CLEUSA HELENA BOA VENTURA EUFR\u00c1SIO (POPULAR TIA CLEUSA ) E EQUIPE, PELA REALIZA\u00c7\u00c3O DA \"15\u00aa FESTA DAS CRIAN\u00c7AS ) REALIZADA NO DIA 12/10/2015 SEGUNDA FEIRA.","indexacao":"ENCAMINHA MO\u00c7\u00c3O DE CONGRATULA\u00c7\u00d5ES E RECONHECIMENTO A SENHORA CLEUSA HELENA BOA VENTURA EUFR\u00c1SIO (POPULAR TIA CLEUSA ) E EQUIPE, PELA REALIZA\u00c7\u00c3O DA \"15\u00aa FESTA DAS CRIAN\u00c7AS ) REALIZADA NO DIA 12/10/2015 SEGUNDA FEIRA.","observacao":"of\u00edcio n\u00ba 412/2015","resultado":" ","texto_original":null,"data_ultima_atualizacao":"2018-10-05T13:36:43.432043-03:00","ip":"","ultima_edicao":null,"tipo":3,"regime_tramitacao":1,"tipo_origem_externa":null,"local_origem_externa":null,"user":null,"anexadas":[],"autores":[85]}