{"id":10856,"__str__":"Requerimento n\u00ba 353 de 2016","link_detail_backend":"/materia/10856","metadata":{},"numero":353,"ano":2016,"numero_protocolo":null,"data_apresentacao":"2016-06-14","tipo_apresentacao":"","data_publicacao":null,"numero_origem_externa":"","ano_origem_externa":null,"data_origem_externa":null,"apelido":"","dias_prazo":null,"data_fim_prazo":null,"em_tramitacao":false,"polemica":null,"objeto":"","complementar":null,"ementa":"SEJA ENCAMINHADA MO\u00c7\u00c3O DE CONGRATULA\u00c7\u00d5ES E RECONHECIMENTO AO ATLETA EVANDRO CARLOS DA SILVA, OBTEVE AS MEDALHAS DE OURO E PRATA NO OPEN INTERNACIONAL DE TAEKWONDO EM CANC\u00daN, NO M\u00c9XICO.","indexacao":"SEJA ENCAMINHADA MO\u00c7\u00c3O DE CONGRATULA\u00c7\u00d5ES E RECONHECIMENTO AO ATLETA EVANDRO CARLOS DA SILVA, OBTEVE AS MEDALHAS DE OURO E PRATA NO OPEN INTERNACIONAL DE TAEKWONDO EM CANC\u00daN, NO M\u00c9XICO.","observacao":"Of\u00edcio n\u00ba 188/2016.","resultado":" ","texto_original":null,"data_ultima_atualizacao":"2018-10-05T13:36:43.516090-03:00","ip":"","ultima_edicao":null,"tipo":3,"regime_tramitacao":1,"tipo_origem_externa":null,"local_origem_externa":null,"user":null,"anexadas":[],"autores":[81]}