{"id":10978,"__str__":"Projeto de Lei Ordin\u00e1ria n\u00ba 113 de 2016","link_detail_backend":"/materia/10978","metadata":{},"numero":113,"ano":2016,"numero_protocolo":null,"data_apresentacao":"2016-08-02","tipo_apresentacao":"E","data_publicacao":null,"numero_origem_externa":"","ano_origem_externa":null,"data_origem_externa":null,"apelido":"","dias_prazo":null,"data_fim_prazo":null,"em_tramitacao":false,"polemica":false,"objeto":"","complementar":false,"ementa":"AUTORIZA O PODER EXECUTIVO A CELEBRAR CONV\u00caNIO COM A ENTIDADE AUTORIZADA PELO CONSELHO MUNICIPAL DOS DIREITOS DO IDOSO DE ARAX\u00c1, PARA OS FINS QUE ESPECIFICA &#8211; CONV\u00caNIO COM O LAR EBEN\u00c9ZER NO VALOR DE R$ 772.000,00 PARA AQUISI\u00c7\u00c3O DE EQUIPAMENTOS PARA IMPLEMENTA\u00c7\u00c3O DO PROGRAMA SOCIAL &#8220;GERA\u00c7\u00c3O A GERA\u00c7\u00c3O&#8221;DESTINADO AO AMPARO DE IDOSOS.  ","indexacao":"","observacao":"","resultado":" ","texto_original":"http://sapl.araxa.mg.leg.br/media/sapl/public/materialegislativa/2016/10978/10978_texto_integral.doc","data_ultima_atualizacao":"2018-10-05T13:37:10.134650-03:00","ip":"","ultima_edicao":null,"tipo":1,"regime_tramitacao":1,"tipo_origem_externa":null,"local_origem_externa":null,"user":null,"anexadas":[],"autores":[93]}