{"id":11196,"__str__":"Requerimento n\u00ba 17 de 2017","link_detail_backend":"/materia/11196","metadata":{},"numero":17,"ano":2017,"numero_protocolo":null,"data_apresentacao":"2017-02-14","tipo_apresentacao":"","data_publicacao":null,"numero_origem_externa":"","ano_origem_externa":null,"data_origem_externa":null,"apelido":"","dias_prazo":null,"data_fim_prazo":null,"em_tramitacao":false,"polemica":null,"objeto":"","complementar":null,"ementa":"SEJA ENCAMINHADO AO SECRET\u00c1RIO MUNICIPAL DE OBRAS P\u00daBLICAS E MOBILIDADE URBANA, O SR. SEBASTI\u00c3O DONIZETTI DE SOUZA, INDICA\u00c7\u00c3O CONTENDO O SEGUINTE PEDIDO: REFORMA GERAL PARA O PR\u00c9DIO DO IML.","indexacao":"SEJA ENCAMINHADO AO SECRET\u00c1RIO MUNICIPAL DE OBRAS P\u00daBLICAS E MOBILIDADE URBANA, O SR. SEBASTI\u00c3O DONIZETTI DE SOUZA, INDICA\u00c7\u00c3O CONTENDO O SEGUINTE PEDIDO: REFORMA GERAL PARA O PR\u00c9DIO DO IML.","observacao":"Of\u00edcio n\u00ba 022/2017.","resultado":" ","texto_original":null,"data_ultima_atualizacao":"2018-10-05T13:36:43.560405-03:00","ip":"","ultima_edicao":null,"tipo":3,"regime_tramitacao":1,"tipo_origem_externa":null,"local_origem_externa":null,"user":null,"anexadas":[],"autores":[100]}