{"id":11266,"__str__":"Requerimento n\u00ba 106 de 2017","link_detail_backend":"/materia/11266","metadata":{},"numero":106,"ano":2017,"numero_protocolo":null,"data_apresentacao":"2017-03-07","tipo_apresentacao":"","data_publicacao":null,"numero_origem_externa":"","ano_origem_externa":null,"data_origem_externa":null,"apelido":"","dias_prazo":null,"data_fim_prazo":null,"em_tramitacao":false,"polemica":null,"objeto":"","complementar":null,"ementa":"SEJA CONSIGNADO MO\u00c7\u00c3O DE CONGRATULA\u00c7\u00c3O AOS ATLETAS MARCOS SILVA M\u00c1RIO, MATEUS DE OLIVEIRA REZENDE, LARISSA PAIVA E GABRIEL ALVES TEIXEIRA, PELAS VIT\u00d3RIAS CONSEGUIDAS NA COMPETI\u00c7\u00c3O DA COPA INTERNACIONAL LEVORIN DE MONTAIN BIKE (CIMTB LEVORIN) QUE ACONTECEU EM NOSSA CIDADE ENTRE OS DIAS 03 E 05 DE MAR\u00c7O DE 2017.","indexacao":"SEJA CONSIGNADO MO\u00c7\u00c3O DE CONGRATULA\u00c7\u00c3O AOS ATLETAS MARCOS SILVA M\u00c1RIO, MATEUS DE OLIVEIRA REZENDE, LARISSA PAIVA E GABRIEL ALVES TEIXEIRA, PELAS VIT\u00d3RIAS CONSEGUIDAS NA COMPETI\u00c7\u00c3O DA COPA INTERNACIONAL LEVORIN DE MONTAIN BIKE (CIMTB LEVORIN) QUE ACONTECEU EM NOSSA CIDADE ENTRE OS DIAS 03 E 05 DE MAR\u00c7O DE 2017.","observacao":"Of\u00edcio n\u00ba 65/2017.","resultado":" ","texto_original":null,"data_ultima_atualizacao":"2018-10-05T13:36:43.569839-03:00","ip":"","ultima_edicao":null,"tipo":3,"regime_tramitacao":1,"tipo_origem_externa":null,"local_origem_externa":null,"user":null,"anexadas":[],"autores":[101]}