{"id":11287,"__str__":"Requerimento n\u00ba 159 de 2017","link_detail_backend":"/materia/11287","metadata":{},"numero":159,"ano":2017,"numero_protocolo":null,"data_apresentacao":"2017-03-14","tipo_apresentacao":"","data_publicacao":null,"numero_origem_externa":"","ano_origem_externa":null,"data_origem_externa":null,"apelido":"","dias_prazo":null,"data_fim_prazo":null,"em_tramitacao":false,"polemica":null,"objeto":"","complementar":null,"ementa":"SEJA ENCAMINHADA MO\u00c7\u00c3O DE CONGRATULA\u00c7\u00d5ES E RECONHECIMENTO AO CASAL PAULO M\u00c1RCIO FERREIRA E DONA ANA L\u00daCIA DE RESENDE FERREIRA, PELA COMEMORA\u00c7\u00c3O DE SUAS BODAS DE OURO EM 14 DE JANEIRO DE 2017.","indexacao":"SEJA ENCAMINHADA MO\u00c7\u00c3O DE CONGRATULA\u00c7\u00d5ES E RECONHECIMENTO AO CASAL PAULO M\u00c1RCIO FERREIRA E DONA ANA L\u00daCIA DE RESENDE FERREIRA, PELA COMEMORA\u00c7\u00c3O DE SUAS BODAS DE OURO EM 14 DE JANEIRO DE 2017.","observacao":"Of\u00edcio n\u00ba 076/2017.","resultado":" ","texto_original":null,"data_ultima_atualizacao":"2018-10-05T13:36:43.572537-03:00","ip":"","ultima_edicao":null,"tipo":3,"regime_tramitacao":2,"tipo_origem_externa":null,"local_origem_externa":null,"user":null,"anexadas":[],"autores":[101,99,98,81]}