{"id":11360,"__str__":"Requerimento n\u00ba 193 de 2017","link_detail_backend":"/materia/11360","metadata":{},"numero":193,"ano":2017,"numero_protocolo":null,"data_apresentacao":"2017-03-28","tipo_apresentacao":"","data_publicacao":null,"numero_origem_externa":"","ano_origem_externa":null,"data_origem_externa":null,"apelido":"","dias_prazo":null,"data_fim_prazo":null,"em_tramitacao":false,"polemica":null,"objeto":"","complementar":null,"ementa":"SEJA ENCAMINHADO AO COMANDANTE DO 37\u00ba BATALH\u00c3O DA POL\u00cdCIA MILITAR, TENENTE CORONEL FERNANDO MARCOS DOS REIS, INDICA\u00c7\u00c3O CONTENDO O SEGUINTE PEDIDO: - QUE A POL\u00cdCIA MILITAR INTENSIFIQUE O POLICIAMENTO OSTENSIVO NOS BAIRROS P\u00c3O DE A\u00c7\u00daCAR I, II, II E IV, PEDRA AZUL, VILA VERDE, VILLA MAYOR, JARDIM DAS OLIVEIRAS, MORADA DO CAMPO E JARDIM NAT\u00c1LIA.","indexacao":"SEJA ENCAMINHADO AO COMANDANTE DO 37\u00ba BATALH\u00c3O DA POL\u00cdCIA MILITAR, TENENTE CORONEL FERNANDO MARCOS DOS REIS, INDICA\u00c7\u00c3O CONTENDO O SEGUINTE PEDIDO: - QUE A POL\u00cdCIA MILITAR INTENSIFIQUE O POLICIAMENTO OSTENSIVO NOS BAIRROS P\u00c3O DE A\u00c7\u00daCAR I, II, II E IV, PEDRA AZUL, VILA VERDE, VILLA MAYOR, JARDIM DAS OLIVEIRAS, MORADA DO CAMPO E JARDIM NAT\u00c1LIA.","observacao":"Of\u00edcio n\u00ba 098/2017.","resultado":" ","texto_original":null,"data_ultima_atualizacao":"2018-10-05T13:36:43.582580-03:00","ip":"","ultima_edicao":null,"tipo":3,"regime_tramitacao":1,"tipo_origem_externa":null,"local_origem_externa":null,"user":null,"anexadas":[],"autores":[106]}