{"id":12938,"__str__":"Requerimento n\u00ba 458 de 2018","link_detail_backend":"/materia/12938","metadata":{},"numero":458,"ano":2018,"numero_protocolo":null,"data_apresentacao":"2018-07-03","tipo_apresentacao":"","data_publicacao":null,"numero_origem_externa":"","ano_origem_externa":null,"data_origem_externa":null,"apelido":"","dias_prazo":null,"data_fim_prazo":null,"em_tramitacao":false,"polemica":null,"objeto":"","complementar":null,"ementa":"SEJA ENCAMINHADA MO\u00c7\u00c3O DE PESAR AOS FAMILIARES DE L\u00daCIA IGN\u00caZ MESQUITA DE PAULA, 1\u00aa DAMA DO MUNIC\u00cdPIO DE ARAX\u00c1, QUE FALECEU NO DIA 29 DE JUNHO DE 2018, EM S\u00c3O PAULO, AOS 74 ANOS.","indexacao":"SEJA ENCAMINHADA MO\u00c7\u00c3O DE PESAR AOS FAMILIARES DE L\u00daCIA IGN\u00caZ MESQUITA DE PAULA, 1\u00aa DAMA DO MUNIC\u00cdPIO DE ARAX\u00c1, QUE FALECEU NO DIA 29 DE JUNHO DE 2018, EM S\u00c3O PAULO, AOS 74 ANOS.","observacao":"Of\u00edcio n\u00ba 195/2018.","resultado":"","texto_original":null,"data_ultima_atualizacao":"2018-10-05T13:36:43.933274-03:00","ip":"","ultima_edicao":null,"tipo":3,"regime_tramitacao":1,"tipo_origem_externa":null,"local_origem_externa":null,"user":null,"anexadas":[],"autores":[99,70,8,104,35,105,103,107,85,100,106]}