{"id":13019,"__str__":"Requerimento n\u00ba 506 de 2018","link_detail_backend":"/materia/13019","metadata":{},"numero":506,"ano":2018,"numero_protocolo":null,"data_apresentacao":"2018-07-24","tipo_apresentacao":"","data_publicacao":null,"numero_origem_externa":"","ano_origem_externa":null,"data_origem_externa":null,"apelido":"","dias_prazo":null,"data_fim_prazo":null,"em_tramitacao":false,"polemica":null,"objeto":"","complementar":null,"ementa":"ENCAMINHA MO\u00c7\u00c3O DE CONGRATULA\u00c7\u00d5ES E RECONHECIMENTO AO SENHOR ARMANDO DE ALGELIS E TODA EQUIPE DE ORGANIZA\u00c7\u00c3O DO FESTIVAL SABERES E SABORES 2018, REALIZADO COM GRANDE SUCESSO ENTRE OS DIAS 20 E 22 DE JULHO, NO LAGO NORTE DO COMPLEXO DO BARREIRO.","indexacao":"ENCAMINHA MO\u00c7\u00c3O DE CONGRATULA\u00c7\u00d5ES E RECONHECIMENTO AO SENHOR ARMANDO DE ALGELIS E TODA EQUIPE DE ORGANIZA\u00c7\u00c3O DO FESTIVAL SABERES E SABORES 2018, REALIZADO COM GRANDE SUCESSO ENTRE OS DIAS 20 E 22 DE JULHO, NO LAGO NORTE DO COMPLEXO DO BARREIRO.","observacao":"of\u00edcio n\u00ba 209/2018","resultado":"","texto_original":null,"data_ultima_atualizacao":"2018-10-05T13:36:43.944087-03:00","ip":"","ultima_edicao":null,"tipo":3,"regime_tramitacao":1,"tipo_origem_externa":null,"local_origem_externa":null,"user":null,"anexadas":[],"autores":[101,98,81,102]}