{"id":13268,"__str__":"Indica\u00e7\u00e3o n\u00ba 729 de 2018","link_detail_backend":"/materia/13268","metadata":{},"numero":729,"ano":2018,"numero_protocolo":0,"data_apresentacao":"2018-10-23","tipo_apresentacao":"O","data_publicacao":null,"numero_origem_externa":"","ano_origem_externa":2018,"data_origem_externa":"2018-10-23","apelido":"","dias_prazo":null,"data_fim_prazo":null,"em_tramitacao":false,"polemica":null,"objeto":"","complementar":null,"ementa":"Seja solicitada ao senhor prefeito municipal de Arax\u00e1, Dr.  Aracely de Paula, em sendo poss\u00edvel, o seguinte pedido de provid\u00eancia: - Que estude a possibilidade de se colocar cerca similar \u00e0 existente no centro administrativo, no entorno da \u00e1rea social da igreja S\u00e3o Geraldo.","indexacao":"Seja solicitada ao senhor prefeito municipal de Arax\u00e1, Dr.  Aracely de Paula, em sendo poss\u00edvel, o seguinte pedido de provid\u00eancia: - Que estude a possibilidade de se colocar cerca similar \u00e0 existente no centro administrativo, no entorno da \u00e1rea social da igreja S\u00e3o Geraldo.","observacao":"Of\u00edcio n\u00ba 302/2018.","resultado":"","texto_original":null,"data_ultima_atualizacao":"2018-11-01T11:05:58.490255-03:00","ip":"","ultima_edicao":null,"tipo":8,"regime_tramitacao":1,"tipo_origem_externa":8,"local_origem_externa":4,"user":null,"anexadas":[],"autores":[66]}