{"id":13422,"__str__":"Indica\u00e7\u00e3o n\u00ba 33 de 2019","link_detail_backend":"/materia/13422","metadata":{},"numero":33,"ano":2019,"numero_protocolo":0,"data_apresentacao":"2019-02-11","tipo_apresentacao":"E","data_publicacao":null,"numero_origem_externa":"33","ano_origem_externa":2019,"data_origem_externa":"2019-02-12","apelido":"","dias_prazo":null,"data_fim_prazo":null,"em_tramitacao":false,"polemica":null,"objeto":"","complementar":null,"ementa":"Seja encaminhada \u00e0 senhora Diani Dutra, Secret\u00e1ria Municipal de Sa\u00fade, o seguinte pedido de provid\u00eancia: - que seja novamente instalados os ESFs dos bairros S\u00e3o Pedro, Jo\u00e3o Ribeiro e Tiradentes na suas antigas sedes.","indexacao":"Seja encaminhada \u00e0 senhora Diani Dutra, Secret\u00e1ria Municipal de Sa\u00fade, o seguinte pedido de provid\u00eancia: - que seja novamente instalados os ESFs dos bairros S\u00e3o Pedro, Jo\u00e3o Ribeiro e Tiradentes na suas antigas sedes.","observacao":"Of\u00edcio n\u00ba 024/2019.\r\nAprovado por 12 x 0.","resultado":"","texto_original":null,"data_ultima_atualizacao":"2019-02-21T15:50:26.963482-03:00","ip":"","ultima_edicao":null,"tipo":8,"regime_tramitacao":1,"tipo_origem_externa":8,"local_origem_externa":4,"user":null,"anexadas":[],"autores":[100]}