{"id":13472,"__str__":"Requerimento n\u00ba 82 de 2019","link_detail_backend":"/materia/13472","metadata":{},"numero":82,"ano":2019,"numero_protocolo":null,"data_apresentacao":"2019-02-26","tipo_apresentacao":"E","data_publicacao":null,"numero_origem_externa":"","ano_origem_externa":null,"data_origem_externa":null,"apelido":"","dias_prazo":null,"data_fim_prazo":null,"em_tramitacao":false,"polemica":null,"objeto":"","complementar":null,"ementa":"Seja encaminhado pedido ao gerente comercial e de opera\u00e7\u00f5es da empresa Vera Cruz, Fl\u00e1vio Rodrigues de Morais, solicitando que a empresa Vera Cruz estenda o itiner\u00e1rio do \u00f4nibus do transporte coletivo urbano que atende o bairro Camu\u00e1 para que o mesmo v\u00e1 at\u00e9 o bairro Fen\u00edcia.","indexacao":"Seja encaminhado pedido ao gerente comercial e de opera\u00e7\u00f5es da empresa Vera Cruz, Fl\u00e1vio Rodrigues de Morais, solicitando que a empresa Vera Cruz estenda o itiner\u00e1rio do \u00f4nibus do transporte coletivo urbano que atende o bairro Camu\u00e1 para que o mesmo v\u00e1 at\u00e9 o bairro Fen\u00edcia.","observacao":"Of\u00edcio n\u00ba 49/2019\r\nAprovado por 11/0","resultado":"","texto_original":null,"data_ultima_atualizacao":"2019-02-28T14:03:10.115169-03:00","ip":"","ultima_edicao":null,"tipo":3,"regime_tramitacao":1,"tipo_origem_externa":null,"local_origem_externa":null,"user":null,"anexadas":[],"autores":[106]}