{"id":13566,"__str__":"Indica\u00e7\u00e3o n\u00ba 170 de 2019","link_detail_backend":"/materia/13566","metadata":{},"numero":170,"ano":2019,"numero_protocolo":0,"data_apresentacao":"2019-03-19","tipo_apresentacao":"E","data_publicacao":null,"numero_origem_externa":"170","ano_origem_externa":2019,"data_origem_externa":"2019-03-19","apelido":"","dias_prazo":null,"data_fim_prazo":null,"em_tramitacao":false,"polemica":null,"objeto":"","complementar":null,"ementa":"Seja solicitado ao excelent\u00edssimo senhor Dr. Aracely de Paula, Prefeito Municipal de Arax\u00e1, o aumento de sal\u00e1rios dos professores da Escola de M\u00fasica Elias Porf\u00edrio de Azevedo.","indexacao":"Seja solicitado ao excelent\u00edssimo senhor Dr. Aracely de Paula, Prefeito Municipal de Arax\u00e1, o aumento de sal\u00e1rios dos professores da Escola de M\u00fasica Elias Porf\u00edrio de Azevedo.","observacao":"Of\u00edcio n\u00ba 090/2019.\r\nAprovado por 11 x 0.","resultado":"","texto_original":null,"data_ultima_atualizacao":"2019-03-20T16:35:20.580689-03:00","ip":"","ultima_edicao":null,"tipo":8,"regime_tramitacao":1,"tipo_origem_externa":8,"local_origem_externa":3,"user":null,"anexadas":[],"autores":[104]}