{"id":13569,"__str__":"Indica\u00e7\u00e3o n\u00ba 176 de 2019","link_detail_backend":"/materia/13569","metadata":{},"numero":176,"ano":2019,"numero_protocolo":0,"data_apresentacao":"2019-03-19","tipo_apresentacao":"E","data_publicacao":null,"numero_origem_externa":"176","ano_origem_externa":2019,"data_origem_externa":"2019-03-19","apelido":"","dias_prazo":null,"data_fim_prazo":null,"em_tramitacao":false,"polemica":null,"objeto":"","complementar":null,"ementa":"Seja encaminhado ao Senhor Prefeito Municipal de Arax\u00e1, Dr. Aracely de Paula, indica\u00e7\u00e3o contendo o seguinte pedido: - Que seja colocado em pr\u00e1tica o Projeto de Lei do ano 2015, que prev\u00ea a cria\u00e7\u00e3o de cemit\u00e9rio animal no munic\u00edpio de Arax\u00e1/MG.","indexacao":"Seja encaminhado ao Senhor Prefeito Municipal de Arax\u00e1, Dr. Aracely de Paula, indica\u00e7\u00e3o contendo o seguinte pedido: - Que seja colocado em pr\u00e1tica o Projeto de Lei do ano 2015, que prev\u00ea a cria\u00e7\u00e3o de cemit\u00e9rio animal no munic\u00edpio de Arax\u00e1/MG.","observacao":"Of\u00edcio n\u00ba 090/2019.\r\nAprovado por 11 x 0.","resultado":"","texto_original":null,"data_ultima_atualizacao":"2019-03-20T16:45:23.046611-03:00","ip":"","ultima_edicao":null,"tipo":8,"regime_tramitacao":1,"tipo_origem_externa":8,"local_origem_externa":4,"user":null,"anexadas":[],"autores":[99]}