{"id":13803,"__str__":"Mo\u00e7\u00e3o n\u00ba 396 de 2019","link_detail_backend":"/materia/13803","metadata":{},"numero":396,"ano":2019,"numero_protocolo":null,"data_apresentacao":"2019-05-14","tipo_apresentacao":"E","data_publicacao":null,"numero_origem_externa":"","ano_origem_externa":null,"data_origem_externa":null,"apelido":"","dias_prazo":null,"data_fim_prazo":null,"em_tramitacao":false,"polemica":null,"objeto":"","complementar":null,"ementa":"O Vereador que a este subscreve, Requer de Vossa Excel\u00eancia que uma vez cumpridas as normas regimentais desta Casa Legislativa, seja encaminhada Mo\u00e7\u00e3o de Pesar aos familiares do Senhor F\u00e1bio Vasconcelos, que faleceu 13 de maio de 2019. Neste momento de profunda dor, rogamos ao Pai consolo e conforto para todos os seus familiares.","indexacao":"O Vereador que a este subscreve, Requer de Vossa Excel\u00eancia que uma vez cumpridas as normas regimentais desta Casa Legislativa, seja encaminhada Mo\u00e7\u00e3o de Pesar aos familiares do Senhor F\u00e1bio Vasconcelos, que faleceu 13 de maio de 2019. Neste momento de profunda dor, rogamos ao Pai consolo e conforto para todos os seus familiares.","observacao":"Of\u00edcio n\u00ba 167/2019\r\nAprovado por 13/0\r\nVereadores Signat\u00e1rios: Bosco J\u00fanior, Pastor Claudenir, Adolfo, Alexandre, Farley, Hudson Fiuza.","resultado":"","texto_original":null,"data_ultima_atualizacao":"2019-05-15T16:04:43.049768-03:00","ip":"","ultima_edicao":null,"tipo":7,"regime_tramitacao":1,"tipo_origem_externa":null,"local_origem_externa":null,"user":null,"anexadas":[],"autores":[81]}