{"id":13804,"__str__":"Requerimento n\u00ba 324 de 2019","link_detail_backend":"/materia/13804","metadata":{},"numero":324,"ano":2019,"numero_protocolo":null,"data_apresentacao":"2019-05-14","tipo_apresentacao":"E","data_publicacao":null,"numero_origem_externa":"","ano_origem_externa":null,"data_origem_externa":null,"apelido":"","dias_prazo":null,"data_fim_prazo":null,"em_tramitacao":false,"polemica":null,"objeto":"","complementar":null,"ementa":"O Vereador que a este subscreve requer que, ap\u00f3s cumpridos os tr\u00e2mites regimentais seja encaminhada \u00e0 Mesa Diretora da C\u00e2mara Municipal, o seguinte pedido de provid\u00eancia: \r\n Realiza\u00e7\u00e3o de audi\u00eancia p\u00fablica no dia 23 de maio de 2019, a partir das 15:30 horas, para tratar sobre a Escola de Tempo Integral, a pedido do Sindicato Unico dos Trabalhadores em Educa\u00e7\u00e3o de Minas Gerais - (Sind-UTE/MG).","indexacao":"O Vereador que a este subscreve requer que, ap\u00f3s cumpridos os tr\u00e2mites regimentais seja encaminhada \u00e0 Mesa Diretora da C\u00e2mara Municipal, o seguinte pedido de provid\u00eancia: \r\n Realiza\u00e7\u00e3o de audi\u00eancia p\u00fablica no dia 23 de maio de 2019, a partir das 15:30 horas, para tratar sobre a Escola de Tempo Integral, a pedido do Sindicato Unico dos Trabalhadores em Educa\u00e7\u00e3o de Minas Gerais - (Sind-UTE/MG).","observacao":"Of\u00edcio n\u00ba 163/2019\r\nAprovado por 13/0","resultado":"","texto_original":null,"data_ultima_atualizacao":"2019-05-15T16:15:52.098476-03:00","ip":"","ultima_edicao":null,"tipo":3,"regime_tramitacao":1,"tipo_origem_externa":null,"local_origem_externa":null,"user":null,"anexadas":[],"autores":[105]}