{"id":13986,"__str__":"Projeto de Lei Ordin\u00e1ria n\u00ba 61 de 2019","link_detail_backend":"/materia/13986","metadata":{},"numero":61,"ano":2019,"numero_protocolo":null,"data_apresentacao":"2019-07-09","tipo_apresentacao":"E","data_publicacao":null,"numero_origem_externa":"61","ano_origem_externa":2019,"data_origem_externa":"2019-07-09","apelido":"","dias_prazo":null,"data_fim_prazo":null,"em_tramitacao":false,"polemica":false,"objeto":"","complementar":false,"ementa":"Institui o Projeto \u201cAdote uma \u00e1rea p\u00fablica\u201dno \u00e2mbito do Munic\u00edpio de Arax\u00e1 e d\u00e1 outras provid\u00eancias.","indexacao":"Institui o Projeto \u201cAdote uma \u00e1rea p\u00fablica\u201dno \u00e2mbito do Munic\u00edpio de Arax\u00e1 e d\u00e1 outras provid\u00eancias.","observacao":"","resultado":"","texto_original":"http://sapl.araxa.mg.leg.br/media/sapl/public/materialegislativa/2019/13986/projeto_de_lei_n.o_061.2019_-_adote_uma_area_publica.doc","data_ultima_atualizacao":"2019-11-04T13:10:46.887900-03:00","ip":"201.62.56.94","ultima_edicao":null,"tipo":1,"regime_tramitacao":1,"tipo_origem_externa":1,"local_origem_externa":5,"user":53,"anexadas":[],"autores":[100]}