{"id":14103,"__str__":"Mo\u00e7\u00e3o n\u00ba 632 de 2019","link_detail_backend":"/materia/14103","metadata":{},"numero":632,"ano":2019,"numero_protocolo":null,"data_apresentacao":"2019-08-13","tipo_apresentacao":"E","data_publicacao":null,"numero_origem_externa":"","ano_origem_externa":null,"data_origem_externa":null,"apelido":"","dias_prazo":null,"data_fim_prazo":null,"em_tramitacao":false,"polemica":null,"objeto":"","complementar":null,"ementa":"O vereador Carlos Roberto Rosa que subscreve requer que, ap\u00f3s os tr\u00e2mites regimentais, seja encaminhada Mo\u00e7\u00e3o de Pesar a fam\u00edlia do Senhor Luiz Fernando da Silva, pelo seu falecimento.","indexacao":"O vereador Carlos Roberto Rosa que subscreve requer que, ap\u00f3s os tr\u00e2mites regimentais, seja encaminhada Mo\u00e7\u00e3o de Pesar a fam\u00edlia do Senhor Luiz Fernando da Silva, pelo seu falecimento.","observacao":"Of\u00edcio n\u00ba 267/2019\r\nAprovado por 14/0\r\nVereadores Signat\u00e1rios: Fabiano, F\u00e1rley, C\u00e9sar Romero, Adolfo, Fernanda Castelha, Robson Magela, Pastor Claudenir, Raphael Rios, Cear\u00e1 ,","resultado":"","texto_original":null,"data_ultima_atualizacao":"2019-08-14T10:46:13.167105-03:00","ip":"201.62.56.94","ultima_edicao":null,"tipo":7,"regime_tramitacao":1,"tipo_origem_externa":null,"local_origem_externa":null,"user":60,"anexadas":[],"autores":[66]}