{"id":14106,"__str__":"Projeto de Lei Ordin\u00e1ria n\u00ba 77 de 2019","link_detail_backend":"/materia/14106","metadata":{},"numero":77,"ano":2019,"numero_protocolo":null,"data_apresentacao":"2019-08-20","tipo_apresentacao":"E","data_publicacao":null,"numero_origem_externa":"77","ano_origem_externa":2019,"data_origem_externa":"2019-08-20","apelido":"","dias_prazo":null,"data_fim_prazo":null,"em_tramitacao":false,"polemica":false,"objeto":"","complementar":false,"ementa":"Disp\u00f5e sobre denomina\u00e7\u00e3o de Via P\u00fablica e d\u00e1 outras provid\u00eancias - AVENIDA JOS\u00c9 JORGE AKEL, o trecho municipalizado da Rodovia MG-428, com in\u00edcio ao final da Avenida H\u00edtalo Ross, na conflu\u00eancia com a Avenida Hon\u00f3rio de Paiva Abreu, at\u00e9 o encontro com o km 2,70 da Rodovia Estadual 428.","indexacao":"Disp\u00f5e sobre denomina\u00e7\u00e3o de Via P\u00fablica e d\u00e1 outras provid\u00eancias - AVENIDA JOS\u00c9 JORGE AKEL, o trecho municipalizado da Rodovia MG-428, com in\u00edcio ao final da Avenida H\u00edtalo Ross, na conflu\u00eancia com a Avenida Hon\u00f3rio de Paiva Abreu, at\u00e9 o encontro com o km 2,70 da Rodovia Estadual 428.","observacao":"","resultado":"","texto_original":"http://sapl.araxa.mg.leg.br/media/sapl/public/materialegislativa/2019/14106/projeto_de_lei_n.o_077.2019_-_denomina_avenid_dKSun8y.docx","data_ultima_atualizacao":"2019-11-13T16:37:16.946268-03:00","ip":"201.62.56.94","ultima_edicao":null,"tipo":1,"regime_tramitacao":1,"tipo_origem_externa":1,"local_origem_externa":1,"user":53,"anexadas":[],"autores":[93]}