{"id":14155,"__str__":"Indica\u00e7\u00e3o n\u00ba 683 de 2019","link_detail_backend":"/materia/14155","metadata":{},"numero":683,"ano":2019,"numero_protocolo":0,"data_apresentacao":"2019-08-27","tipo_apresentacao":"E","data_publicacao":null,"numero_origem_externa":"683","ano_origem_externa":2019,"data_origem_externa":"2019-08-27","apelido":"","dias_prazo":null,"data_fim_prazo":null,"em_tramitacao":false,"polemica":null,"objeto":"","complementar":null,"ementa":"Seja enviado ao Secret\u00e1rio de Servi\u00e7os Urbanos, Marco Ant\u00f4nio Rios, com c\u00f3pia ao Secret\u00e1rio de Seguran\u00e7a Urbana e Cidadania, Doutor \u00c9lvio Bertoni, solicita\u00e7\u00e3o para a coloca\u00e7\u00e3o de placas de conscientiza\u00e7\u00e3o e preserva\u00e7\u00e3o na matinha do bairro Santa Rita.","indexacao":"Seja enviado ao Secret\u00e1rio de Servi\u00e7os Urbanos, Marco Ant\u00f4nio Rios, com c\u00f3pia ao Secret\u00e1rio de Seguran\u00e7a Urbana e Cidadania, Doutor \u00c9lvio Bertoni, solicita\u00e7\u00e3o para a coloca\u00e7\u00e3o de placas de conscientiza\u00e7\u00e3o e preserva\u00e7\u00e3o na matinha do bairro Santa Rita.","observacao":"Of\u00edcio n\u00ba 293/2019.\r\nAprovado por 13 x 0.","resultado":"","texto_original":null,"data_ultima_atualizacao":"2019-08-28T15:39:42.778655-03:00","ip":"201.62.56.94","ultima_edicao":null,"tipo":8,"regime_tramitacao":1,"tipo_origem_externa":8,"local_origem_externa":4,"user":60,"anexadas":[],"autores":[81]}