{"id":14382,"__str__":"Indica\u00e7\u00e3o n\u00ba 861 de 2019","link_detail_backend":"/materia/14382","metadata":{},"numero":861,"ano":2019,"numero_protocolo":0,"data_apresentacao":"2019-10-15","tipo_apresentacao":"E","data_publicacao":null,"numero_origem_externa":"861","ano_origem_externa":2019,"data_origem_externa":"2019-10-15","apelido":"","dias_prazo":null,"data_fim_prazo":null,"em_tramitacao":false,"polemica":null,"objeto":"","complementar":null,"ementa":"Seja encaminhada ao Senhor Doutor Aracely de Paula, Prefeito Municipal d, com c\u00f3pia para o senhor Sebasti\u00e3o Donizete de Souza, Secret\u00e1rio Municipal de Obras P\u00fablicas e Mobilidade Urbana, o seguinte pedido de provid\u00eancia: - Que seja estudada a possibilidade de constru\u00e7\u00e3o de uma \u00e1rea coberto para usu\u00e1rios/familiares e estacionamento, em frente ao Vel\u00f3rio Passo da Saudade, local onde foram retiradas as paineiras.","indexacao":"Seja encaminhada ao Senhor Doutor Aracely de Paula, Prefeito Municipal d, com c\u00f3pia para o senhor Sebasti\u00e3o Donizete de Souza, Secret\u00e1rio Municipal de Obras P\u00fablicas e Mobilidade Urbana, o seguinte pedido de provid\u00eancia: - Que seja estudada a possibilidade de constru\u00e7\u00e3o de uma \u00e1rea coberto para usu\u00e1rios/familiares e estacionamento, em frente ao Vel\u00f3rio Passo da Saudade, local onde foram retiradas as paineiras.","observacao":"Of\u00edcio n\u00ba 355/2019.\r\nAprovado por 14 x 0.","resultado":"","texto_original":null,"data_ultima_atualizacao":"2019-10-24T13:32:01.778514-03:00","ip":"201.62.56.23","ultima_edicao":null,"tipo":8,"regime_tramitacao":1,"tipo_origem_externa":8,"local_origem_externa":4,"user":60,"anexadas":[],"autores":[100]}