{"id":14397,"__str__":"Indica\u00e7\u00e3o n\u00ba 763 de 2019","link_detail_backend":"/materia/14397","metadata":{},"numero":763,"ano":2019,"numero_protocolo":0,"data_apresentacao":"2019-10-31","tipo_apresentacao":"E","data_publicacao":null,"numero_origem_externa":"763","ano_origem_externa":2019,"data_origem_externa":"2019-10-31","apelido":"","dias_prazo":null,"data_fim_prazo":null,"em_tramitacao":false,"polemica":null,"objeto":"","complementar":null,"ementa":"Seja encaminhada ao Secret\u00e1rio Municipal de A\u00e7\u00e3o e Promo\u00e7\u00e3o Social, Mois\u00e9s Pereira Cunha, com c\u00f3pia ao Prefeito aracely de Paula, a seguinte indica\u00e7\u00e3o: - Que sejam implementadas as a\u00e7\u00f5es de pol\u00edticas p\u00fablicas habitacionais que constam no Plano de Governo do Prefeito Aracely de Paula, apresentado para a gest\u00e3o 2017/2020.","indexacao":"Seja encaminhada ao Secret\u00e1rio Municipal de A\u00e7\u00e3o e Promo\u00e7\u00e3o Social, Mois\u00e9s Pereira Cunha, com c\u00f3pia ao Prefeito aracely de Paula, a seguinte indica\u00e7\u00e3o: - Que sejam implementadas as a\u00e7\u00f5es de pol\u00edticas p\u00fablicas habitacionais que constam no Plano de Governo do Prefeito Aracely de Paula, apresentado para a gest\u00e3o 2017/2020.","observacao":"Of\u00edcio n\u00ba 376/2019.\r\nAprovado por 12 x 0.","resultado":"","texto_original":null,"data_ultima_atualizacao":"2019-11-01T09:07:08.153624-03:00","ip":"201.62.56.23","ultima_edicao":null,"tipo":8,"regime_tramitacao":1,"tipo_origem_externa":8,"local_origem_externa":4,"user":60,"anexadas":[],"autores":[105]}