{"id":14446,"__str__":"Indica\u00e7\u00e3o n\u00ba 948 de 2019","link_detail_backend":"/materia/14446","metadata":{},"numero":948,"ano":2019,"numero_protocolo":0,"data_apresentacao":"2019-11-12","tipo_apresentacao":"E","data_publicacao":null,"numero_origem_externa":"948","ano_origem_externa":2019,"data_origem_externa":"2019-11-12","apelido":"","dias_prazo":null,"data_fim_prazo":null,"em_tramitacao":false,"polemica":null,"objeto":"","complementar":null,"ementa":"Seja oficiado ao senhor Secret\u00e1rio Municipal de Seguran\u00e7a Urbana e Cidadania, Sr. \u00c9lvio Bertoni, que fa\u00e7a a corre\u00e7\u00e3o (eleva\u00e7\u00e3o) do redutor de velocidade da rua Pernambuco, n\u00ba 171.","indexacao":"Seja oficiado ao senhor Secret\u00e1rio Municipal de Seguran\u00e7a Urbana e Cidadania, Sr. \u00c9lvio Bertoni, que fa\u00e7a a corre\u00e7\u00e3o (eleva\u00e7\u00e3o) do redutor de velocidade da rua Pernambuco, n\u00ba 171.","observacao":"Of\u00edcio n\u00ba 390/2019.\r\nAprovado por 12 x 0.","resultado":"","texto_original":null,"data_ultima_atualizacao":"2019-11-13T14:22:29.372534-03:00","ip":"201.62.56.23","ultima_edicao":null,"tipo":8,"regime_tramitacao":1,"tipo_origem_externa":8,"local_origem_externa":4,"user":60,"anexadas":[],"autores":[95]}