{"id":14480,"__str__":"Indica\u00e7\u00e3o n\u00ba 975 de 2019","link_detail_backend":"/materia/14480","metadata":{},"numero":975,"ano":2019,"numero_protocolo":0,"data_apresentacao":"2019-11-19","tipo_apresentacao":"O","data_publicacao":null,"numero_origem_externa":"975","ano_origem_externa":2019,"data_origem_externa":"2019-11-19","apelido":"","dias_prazo":null,"data_fim_prazo":null,"em_tramitacao":false,"polemica":null,"objeto":"","complementar":null,"ementa":"Seja enviada indica\u00e7\u00e3o \u00e0 SECRET\u00c1RIA MUNICIPAL DE EDUCA\u00c7\u00c3O, Edna Resende de Campos, para estudos que possam viabilizar eventuais parcerias com o CEFET para aproveitamento da \u00e1rea onde funcionou o DNIT, hoje pertencente ao CEFET, visando integrar o \"Know How\" da Institui\u00e7\u00e3o e a necessidade dos alunos da rede p\u00fablica ao mundo do conhecimento. Uma eventual parceria poderia abranger, por exemplo, pr\u00e1ticas agr\u00edcolas, industriais e comerciais.","indexacao":"Seja enviada indica\u00e7\u00e3o \u00e0 SECRET\u00c1RIA MUNICIPAL DE EDUCA\u00c7\u00c3O, Edna Resende de Campos, para estudos que possam viabilizar eventuais parcerias com o CEFET para aproveitamento da \u00e1rea onde funcionou o DNIT, hoje pertencente ao CEFET, visando integrar o \"Know How\" da Institui\u00e7\u00e3o e a necessidade dos alunos da rede p\u00fablica ao mundo do conhecimento. Uma eventual parceria poderia abranger, por exemplo, pr\u00e1ticas agr\u00edcolas, industriais e comerciais.","observacao":"Of\u00edcio n\u00ba 433/2019.\r\nAprovado por 13 x 0.","resultado":"","texto_original":null,"data_ultima_atualizacao":"2019-11-20T17:36:27.240804-03:00","ip":"201.62.56.23","ultima_edicao":null,"tipo":8,"regime_tramitacao":1,"tipo_origem_externa":8,"local_origem_externa":4,"user":60,"anexadas":[],"autores":[81]}