{"id":14559,"__str__":"Indica\u00e7\u00e3o n\u00ba 1 de 2020","link_detail_backend":"/materia/14559","metadata":{},"numero":1,"ano":2020,"numero_protocolo":null,"data_apresentacao":"2020-02-11","tipo_apresentacao":"E","data_publicacao":null,"numero_origem_externa":"","ano_origem_externa":null,"data_origem_externa":null,"apelido":"","dias_prazo":null,"data_fim_prazo":null,"em_tramitacao":false,"polemica":null,"objeto":"","complementar":null,"ementa":"O vereador que a este subscreve, requer depois  de cumprido os tr\u00e2mites legais e regimentais desta casa de leis, seja encaminhado ao Secret\u00e1rio Municipal de Servi\u00e7os Urbanos - Sr. Marco Ant\u00f4nio Rios, o seguinte pedido de provid\u00eancias: \r\n\r\nQue seja realizada limpeza e capina nas cal\u00e7adas em toda extens\u00e3o da Av. Gaud\u00eancio In\u00e1cio de Almeida ( Av. de acesso do Aeroporto Romeu Zema a Br 262)","indexacao":"O vereador que a este subscreve, requer depois  de cumprido os tr\u00e2mites legais e regimentais desta casa de leis, seja encaminhado ao Secret\u00e1rio Municipal de Servi\u00e7os Urbanos - Sr. Marco Ant\u00f4nio Rios, o seguinte pedido de provid\u00eancias: \r\n\r\nQue seja realizada limpeza e capina nas cal\u00e7adas em toda extens\u00e3o da Av. Gaud\u00eancio In\u00e1cio de Almeida ( Av. de acesso do Aeroporto Romeu Zema a Br 262)","observacao":"Of\u00edcio n\u00ba 11/2020\r\nAprovado por 13X0","resultado":"","texto_original":null,"data_ultima_atualizacao":"2020-02-12T13:55:47.631176-03:00","ip":"201.62.56.23","ultima_edicao":null,"tipo":8,"regime_tramitacao":1,"tipo_origem_externa":null,"local_origem_externa":null,"user":60,"anexadas":[],"autores":[85]}