{"id":14614,"__str__":"Indica\u00e7\u00e3o n\u00ba 30 de 2020","link_detail_backend":"/materia/14614","metadata":{},"numero":30,"ano":2020,"numero_protocolo":null,"data_apresentacao":"2020-02-18","tipo_apresentacao":"E","data_publicacao":null,"numero_origem_externa":"","ano_origem_externa":null,"data_origem_externa":null,"apelido":"","dias_prazo":null,"data_fim_prazo":null,"em_tramitacao":false,"polemica":null,"objeto":"","complementar":null,"ementa":"O vereador que a este subscreve requer que, ap\u00f3s cumpridos os tr\u00e2mites regimentais, seja encaminhado ao Secret\u00e1rio Municipal de Educa\u00e7\u00e3o, Sra, Edna Resende Campos, e ao Secret\u00e1rio Municipal de Fazenda Planejamento e Gest\u00e3o, Fernandes C\u00e2ndido de Barros, o seguinte pedido de providencias:\r\n\r\nQue seja feito o pagamento do Piso Nacional da Educa\u00e7\u00e3o, j\u00e1 em vig\u00eancia desde janeiro de 2020, conforme anunciado pelo Minist\u00e9rio da Educa\u00e7\u00e3o j\u00e1 a partir deste m\u00eas de fevereiro, retroativo ao m\u00eas de janeiro, diferentemente de anos anteriores quando o pagamento foi feito quase na metade do ano vigente.","indexacao":"O vereador que a este subscreve requer que, ap\u00f3s cumpridos os tr\u00e2mites regimentais, seja encaminhado ao Secret\u00e1rio Municipal de Educa\u00e7\u00e3o, Sra, Edna Resende Campos, e ao Secret\u00e1rio Municipal de Fazenda Planejamento e Gest\u00e3o, Fernandes C\u00e2ndido de Barros, o seguinte pedido de providencias:\r\n\r\nQue seja feito o pagamento do Piso Nacional da Educa\u00e7\u00e3o, j\u00e1 em vig\u00eancia desde janeiro de 2020, conforme anunciado pelo Minist\u00e9rio da Educa\u00e7\u00e3o j\u00e1 a partir deste m\u00eas de fevereiro, retroativo ao m\u00eas de janeiro, diferentemente de anos anteriores quando o pagamento foi feito quase na metade do ano vigente.","observacao":"Of\u00edcio n\u00ba 22/2020\r\nAprovado por 13X0","resultado":"","texto_original":null,"data_ultima_atualizacao":"2020-02-19T16:31:07.164163-03:00","ip":"201.62.56.23","ultima_edicao":null,"tipo":8,"regime_tramitacao":1,"tipo_origem_externa":null,"local_origem_externa":null,"user":60,"anexadas":[],"autores":[105]}