{"id":14836,"__str__":"Mo\u00e7\u00e3o n\u00ba 262 de 2020","link_detail_backend":"/materia/14836","metadata":{},"numero":262,"ano":2020,"numero_protocolo":null,"data_apresentacao":"2020-06-08","tipo_apresentacao":"E","data_publicacao":null,"numero_origem_externa":"","ano_origem_externa":null,"data_origem_externa":null,"apelido":"","dias_prazo":null,"data_fim_prazo":null,"em_tramitacao":false,"polemica":null,"objeto":"","complementar":null,"ementa":"O vereador CARLOS ROBERTO ROSA que subscreve requer que, ap\u00f3s  os tr\u00e2mites regimentais,   seja encaminhada MO\u00c7\u00c3O DE PESAR \u00c0 FAM\u00cdLIA DA SENHORA MARIA L\u00daCIA BORGES, pelo seu falecimento.","indexacao":"O vereador CARLOS ROBERTO ROSA que subscreve requer que, ap\u00f3s  os tr\u00e2mites regimentais,   seja encaminhada MO\u00c7\u00c3O DE PESAR \u00c0 FAM\u00cdLIA DA SENHORA MARIA L\u00daCIA BORGES, pelo seu falecimento.","observacao":"Of\u00edcio n\u00ba 110/2020","resultado":"","texto_original":null,"data_ultima_atualizacao":"2020-06-15T13:30:25.110081-03:00","ip":"201.62.56.23","ultima_edicao":null,"tipo":7,"regime_tramitacao":1,"tipo_origem_externa":null,"local_origem_externa":null,"user":60,"anexadas":[],"autores":[66]}