{"id":15014,"__str__":"Indica\u00e7\u00e3o n\u00ba 426 de 2020","link_detail_backend":"/materia/15014","metadata":{},"numero":426,"ano":2020,"numero_protocolo":null,"data_apresentacao":"2020-09-15","tipo_apresentacao":"E","data_publicacao":null,"numero_origem_externa":"","ano_origem_externa":null,"data_origem_externa":null,"apelido":"","dias_prazo":null,"data_fim_prazo":null,"em_tramitacao":false,"polemica":false,"objeto":"","complementar":false,"ementa":"A vereadora abaixo assinado solicita que seja encaminhado ao poder  executivo , a indica\u00e7\u00e3o com o seguinte pedido.\r\n\r\nSeja  verificada a possibilidade de forma\u00e7\u00e3o de uma brigada de inc\u00eandio florestal no munic\u00edpio, de acordo com a portaria n\u00ba 49 de 02 de julho de 2020. expedida pelo Comando Geral do Corpo de Bombeiros de Minas Gerais.","indexacao":"A vereadora abaixo assinado solicita que seja encaminhado ao poder  executivo , a indica\u00e7\u00e3o com o seguinte pedido.\r\n\r\nSeja  verificada a possibilidade de forma\u00e7\u00e3o de uma brigada de inc\u00eandio florestal no munic\u00edpio, de acordo com a portaria n\u00ba 49 de 02 de julho de 2020. expedida pelo Comando Geral do Corpo de Bombeiros de Minas Gerais.","observacao":"Of\u00edcio n\u00ba 158/2020","resultado":"","texto_original":null,"data_ultima_atualizacao":"2020-09-16T14:01:39.641659-03:00","ip":"201.62.56.23","ultima_edicao":"2020-09-16T13:35:11.742180-03:00","tipo":8,"regime_tramitacao":1,"tipo_origem_externa":null,"local_origem_externa":null,"user":60,"anexadas":[],"autores":[99]}