{"id":15079,"__str__":"Indica\u00e7\u00e3o n\u00ba 444 de 2020","link_detail_backend":"/materia/15079","metadata":{},"numero":444,"ano":2020,"numero_protocolo":0,"data_apresentacao":"2020-12-01","tipo_apresentacao":"E","data_publicacao":null,"numero_origem_externa":"444","ano_origem_externa":2020,"data_origem_externa":"2020-12-01","apelido":"","dias_prazo":null,"data_fim_prazo":null,"em_tramitacao":false,"polemica":false,"objeto":"","complementar":false,"ementa":"Seja encaminhado ao Secret\u00e1rio de Obras P\u00fablicas e Mobilidade Urbana, Sr. Sebasti\u00e3o Donizete de Souza, o seguinte pedido de provid\u00eancia: - Que seja feita a revitaliza\u00e7\u00e3o da pra\u00e7a C\u00e1ssia Ribeiro de Camargo, localizada no bairro Jardim das Primaveras.","indexacao":"Seja encaminhado ao Secret\u00e1rio de Obras P\u00fablicas e Mobilidade Urbana, Sr. Sebasti\u00e3o Donizete de Souza, o seguinte pedido de provid\u00eancia: - Que seja feita a revitaliza\u00e7\u00e3o da pra\u00e7a C\u00e1ssia Ribeiro de Camargo, localizada no bairro Jardim das Primaveras.","observacao":"Of\u00edcio n\u00ba 199/2020.\r\nN\u00e3o houve vota\u00e7\u00e3o.","resultado":"","texto_original":null,"data_ultima_atualizacao":"2020-12-03T14:20:15.598242-03:00","ip":"201.62.56.23","ultima_edicao":"2020-12-03T14:16:23.696927-03:00","tipo":8,"regime_tramitacao":1,"tipo_origem_externa":8,"local_origem_externa":4,"user":60,"anexadas":[],"autores":[105]}