{"id":15128,"__str__":"Indica\u00e7\u00e3o n\u00ba 22 de 2021","link_detail_backend":"/materia/15128","metadata":{},"numero":22,"ano":2021,"numero_protocolo":null,"data_apresentacao":"2021-02-02","tipo_apresentacao":"E","data_publicacao":null,"numero_origem_externa":"","ano_origem_externa":null,"data_origem_externa":null,"apelido":"","dias_prazo":null,"data_fim_prazo":null,"em_tramitacao":false,"polemica":false,"objeto":"","complementar":false,"ementa":"O Vereador que a este subscreve , requer que ap\u00f3s ouvido o Plen\u00e1rio seja encaminhado ao senhor Secret\u00e1rio de Obras Sebasti\u00e3o Donizete o seguinte pedido de providencia:\r\n\r\nQue seja feita a execu\u00e7\u00e3o de reforma e revitaliza\u00e7\u00e3o do local Cultural e Hist\u00f3rico conhecido como \u00c1rvore dos Enforcados e do Pr\u00e9dio onde funciona o Centro de Refer\u00eancia a Cultura Negra, localizado na Rua Gustavo Martins de Oliveira, Bairro Santa Rita.","indexacao":"O Vereador que a este subscreve , requer que ap\u00f3s ouvido o Plen\u00e1rio seja encaminhado ao senhor Secret\u00e1rio de Obras Sebasti\u00e3o Donizete o seguinte pedido de providencia:\r\n\r\nQue seja feita a execu\u00e7\u00e3o de reforma e revitaliza\u00e7\u00e3o do local Cultural e Hist\u00f3rico conhecido como \u00c1rvore dos Enforcados e do Pr\u00e9dio onde funciona o Centro de Refer\u00eancia a Cultura Negra, localizado na Rua Gustavo Martins de Oliveira, Bairro Santa Rita.","observacao":"Of\u00edcio n\u00ba 012/2021","resultado":"","texto_original":null,"data_ultima_atualizacao":"2021-02-03T17:17:09.899959-03:00","ip":"201.62.56.23","ultima_edicao":"2021-02-03T17:08:23.727514-03:00","tipo":8,"regime_tramitacao":1,"tipo_origem_externa":null,"local_origem_externa":null,"user":60,"anexadas":[],"autores":[119]}