{"id":15199,"__str__":"Indica\u00e7\u00e3o n\u00ba 81 de 2021","link_detail_backend":"/materia/15199","metadata":{},"numero":81,"ano":2021,"numero_protocolo":null,"data_apresentacao":"2021-02-23","tipo_apresentacao":"E","data_publicacao":null,"numero_origem_externa":"","ano_origem_externa":null,"data_origem_externa":null,"apelido":"","dias_prazo":null,"data_fim_prazo":null,"em_tramitacao":false,"polemica":false,"objeto":"","complementar":false,"ementa":"A vereadora que a esta subscreve, requer que depois de ouvido o plen\u00e1rio,  seja encaminhado ao Secret\u00e1rio Municipal de Servi\u00e7os Urbanos, SR. RICARDO ALEXANDRE DA SILVA, o seguinte requerimento: \r\n\r\nQUE SEJA FEITA A LIMPEZA, CAPINA E RO\u00c7ADO DO MATO, INCLUSIVE DOS LOTES INSTITUCIONAIS, NOS BAIRROS JARDIM EUROPA UM, DOIS E TR\u00caS.","indexacao":"A vereadora que a esta subscreve, requer que depois de ouvido o plen\u00e1rio,  seja encaminhado ao Secret\u00e1rio Municipal de Servi\u00e7os Urbanos, SR. RICARDO ALEXANDRE DA SILVA, o seguinte requerimento: \r\n\r\nQUE SEJA FEITA A LIMPEZA, CAPINA E RO\u00c7ADO DO MATO, INCLUSIVE DOS LOTES INSTITUCIONAIS, NOS BAIRROS JARDIM EUROPA UM, DOIS E TR\u00caS.","observacao":"Of\u00edcio n\u00ba 027/2021","resultado":"","texto_original":null,"data_ultima_atualizacao":"2021-02-26T17:02:22.693816-03:00","ip":"201.62.56.23","ultima_edicao":"2021-02-26T16:58:24.549497-03:00","tipo":8,"regime_tramitacao":1,"tipo_origem_externa":null,"local_origem_externa":null,"user":60,"anexadas":[],"autores":[116]}