{"id":15268,"__str__":"Indica\u00e7\u00e3o n\u00ba 19 de 2021","link_detail_backend":"/materia/15268","metadata":{},"numero":19,"ano":2021,"numero_protocolo":null,"data_apresentacao":"2021-03-16","tipo_apresentacao":"E","data_publicacao":null,"numero_origem_externa":"","ano_origem_externa":null,"data_origem_externa":null,"apelido":"","dias_prazo":null,"data_fim_prazo":null,"em_tramitacao":false,"polemica":false,"objeto":"","complementar":false,"ementa":"O Vereador que a este subscreve, requer que ap\u00f3s ouvido o Plen\u00e1rio seja encaminhado  ao senhor Secret\u00e1rio de Obras Sebasti\u00e3o Donizete, o seguinte pedido de provid\u00eancia: \r\n\r\nQue seja feita a revitaliza\u00e7\u00e3o geral e implanta\u00e7\u00e3o de bancos equipamentos de gin\u00e1stica (academia ao ar livre) e ilumina\u00e7\u00e3o p\u00fablica da Pra\u00e7a 13 de Maio, que fica na esquina da Rua do Ouro com Rua S\u00e3o Cristov\u00e3o.","indexacao":"O Vereador que a este subscreve, requer que ap\u00f3s ouvido o Plen\u00e1rio seja encaminhado  ao senhor Secret\u00e1rio de Obras Sebasti\u00e3o Donizete, o seguinte pedido de provid\u00eancia: \r\n\r\nQue seja feita a revitaliza\u00e7\u00e3o geral e implanta\u00e7\u00e3o de bancos equipamentos de gin\u00e1stica (academia ao ar livre) e ilumina\u00e7\u00e3o p\u00fablica da Pra\u00e7a 13 de Maio, que fica na esquina da Rua do Ouro com Rua S\u00e3o Cristov\u00e3o.","observacao":"Of\u00edcio n\u00ba 035/2021\r\nVota\u00e7\u00e3o 13X0","resultado":"","texto_original":null,"data_ultima_atualizacao":"2021-03-25T14:59:28.646674-03:00","ip":"201.62.56.23","ultima_edicao":"2021-03-25T14:53:49.060539-03:00","tipo":8,"regime_tramitacao":1,"tipo_origem_externa":null,"local_origem_externa":null,"user":60,"anexadas":[],"autores":[119]}