{"id":15518,"__str__":"Requerimento n\u00ba 380 de 2021","link_detail_backend":"/materia/15518","metadata":{},"numero":380,"ano":2021,"numero_protocolo":0,"data_apresentacao":"2021-04-27","tipo_apresentacao":"E","data_publicacao":null,"numero_origem_externa":"380","ano_origem_externa":2021,"data_origem_externa":"2021-04-27","apelido":"","dias_prazo":null,"data_fim_prazo":null,"em_tramitacao":false,"polemica":false,"objeto":"","complementar":false,"ementa":"Seja designado uma data para realiza\u00e7\u00e3o de F\u00d3RUM COMUNIT\u00c1RIO para debater e buscar solu\u00e7\u00f5es para situa\u00e7\u00e3o das invas\u00f5es no munic\u00edpio de Arax\u00e1/MG.","indexacao":"Seja designado uma data para realiza\u00e7\u00e3o de F\u00d3RUM COMUNIT\u00c1RIO para debater e buscar solu\u00e7\u00f5es para situa\u00e7\u00e3o das invas\u00f5es no munic\u00edpio de Arax\u00e1/MG.","observacao":"Of\u00edcio n\u00ba 082/2021.\r\nAprovado por 14 x 0.","resultado":"","texto_original":null,"data_ultima_atualizacao":"2021-04-28T14:09:00.379266-03:00","ip":"201.62.56.23","ultima_edicao":"2021-04-28T14:03:24.644663-03:00","tipo":3,"regime_tramitacao":1,"tipo_origem_externa":3,"local_origem_externa":4,"user":60,"anexadas":[],"autores":[114]}