{"id":15587,"__str__":"Indica\u00e7\u00e3o n\u00ba 423 de 2021","link_detail_backend":"/materia/15587","metadata":{},"numero":423,"ano":2021,"numero_protocolo":0,"data_apresentacao":"2021-05-04","tipo_apresentacao":"E","data_publicacao":null,"numero_origem_externa":"423","ano_origem_externa":2021,"data_origem_externa":"2021-05-04","apelido":"","dias_prazo":null,"data_fim_prazo":null,"em_tramitacao":false,"polemica":false,"objeto":"","complementar":false,"ementa":"Seja encaminhada ao Excelent\u00edssimo Prefeito Municipal e \u00e0 Secret\u00e1ria Municipal  de Sa\u00fade, INDICA\u00c7\u00c3O com a seguinte recomenda\u00e7\u00e3o: - Que seja promovida institui\u00e7\u00e3o e execu\u00e7\u00e3o de projetos de castra\u00e7\u00e3o em massa, por meio de contrata\u00e7\u00e3o desse servi\u00e7o, para atender animais abandonados, comunit\u00e1rios ou resgatados por protetores e cuidadores, bem como para animais da popula\u00e7\u00e3o carente, que n\u00e3o tem condi\u00e7\u00f5es de arcar com os custos desses procedimentos realizados por cl\u00ednicas particulares, como medida de controle populacional e preven\u00e7\u00e3o \u00e0s zoonoses.","indexacao":"Seja encaminhada ao Excelent\u00edssimo Prefeito Municipal e \u00e0 Secret\u00e1ria Municipal  de Sa\u00fade, INDICA\u00c7\u00c3O com a seguinte recomenda\u00e7\u00e3o: - Que seja promovida institui\u00e7\u00e3o e execu\u00e7\u00e3o de projetos de castra\u00e7\u00e3o em massa, por meio de contrata\u00e7\u00e3o desse servi\u00e7o, para atender animais abandonados, comunit\u00e1rios ou resgatados por protetores e cuidadores, bem como para animais da popula\u00e7\u00e3o carente, que n\u00e3o tem condi\u00e7\u00f5es de arcar com os custos desses procedimentos realizados por cl\u00ednicas particulares, como medida de controle populacional e preven\u00e7\u00e3o \u00e0s zoonoses.","observacao":"Of\u00edcio n\u00ba 088/2021.\r\nAprovado por 14 x 0.\r\nOutros subscritores: Luiz Carlos Bittencourt, Jo\u00e3o Veras e Valtinho da Farm\u00e1cia.","resultado":"","texto_original":null,"data_ultima_atualizacao":"2021-05-07T14:04:50.390239-03:00","ip":"201.62.56.23","ultima_edicao":"2021-05-07T13:57:57.363241-03:00","tipo":8,"regime_tramitacao":1,"tipo_origem_externa":8,"local_origem_externa":4,"user":60,"anexadas":[],"autores":[99]}