{"id":15615,"__str__":"Indica\u00e7\u00e3o n\u00ba 440 de 2021","link_detail_backend":"/materia/15615","metadata":{},"numero":440,"ano":2021,"numero_protocolo":null,"data_apresentacao":"2021-05-11","tipo_apresentacao":"E","data_publicacao":null,"numero_origem_externa":"","ano_origem_externa":null,"data_origem_externa":null,"apelido":"","dias_prazo":null,"data_fim_prazo":null,"em_tramitacao":false,"polemica":false,"objeto":"","complementar":false,"ementa":"A Vereadora que a esta subscreve, REQUER  de Vossa Excel\u00eancia que, uma vez cumpridas as normas regimentais desta Casa Legislativa, que seja solicitado ao EXCELENT\u00cdSSIMO SR. PREFEITO MUNICIPAL DE ARAX\u00c1/MG, RUBENS MAGELA DA SILVA,  E A SRA. CRISTIANE GON\u00c7ALVES PEREIRA, SECRET\u00c1RIA DE A\u00c7\u00c3O E PROMO\u00c7\u00c3O SOCIAL,  que estudem a possibilidade de incluir no servi\u00e7o social e nas farm\u00e1cias municipais, a distribui\u00e7\u00e3o de absorventes higi\u00eanicos em quantidades necess\u00e1rias as mulheres em situa\u00e7\u00e3o de vulnerabilidade cadastradas nesta Secretaria,  bem como tamb\u00e9m para alunas carentes das escolas municipais de Arax\u00e1/MG, promovendo as devidas orienta\u00e7\u00f5es educacionais para uso destes.","indexacao":"A Vereadora que a esta subscreve, REQUER  de Vossa Excel\u00eancia que, uma vez cumpridas as normas regimentais desta Casa Legislativa, que seja solicitado ao EXCELENT\u00cdSSIMO SR. PREFEITO MUNICIPAL DE ARAX\u00c1/MG, RUBENS MAGELA DA SILVA,  E A SRA. CRISTIANE GON\u00c7ALVES PEREIRA, SECRET\u00c1RIA DE A\u00c7\u00c3O E PROMO\u00c7\u00c3O SOCIAL,  que estudem a possibilidade de incluir no servi\u00e7o social e nas farm\u00e1cias municipais, a distribui\u00e7\u00e3o de absorventes higi\u00eanicos em quantidades necess\u00e1rias as mulheres em situa\u00e7\u00e3o de vulnerabilidade cadastradas nesta Secretaria,  bem como tamb\u00e9m para alunas carentes das escolas municipais de Arax\u00e1/MG, promovendo as devidas orienta\u00e7\u00f5es educacionais para uso destes.","observacao":"Of\u00edcio n\u00ba 099/2021","resultado":"","texto_original":null,"data_ultima_atualizacao":"2021-05-17T15:12:22.270963-03:00","ip":"201.62.56.23","ultima_edicao":"2021-05-17T15:02:49.384677-03:00","tipo":8,"regime_tramitacao":1,"tipo_origem_externa":null,"local_origem_externa":null,"user":60,"anexadas":[],"autores":[117]}