{"id":15827,"__str__":"Mo\u00e7\u00e3o n\u00ba 629 de 2021","link_detail_backend":"/materia/15827","metadata":{},"numero":629,"ano":2021,"numero_protocolo":0,"data_apresentacao":"2021-06-15","tipo_apresentacao":"E","data_publicacao":null,"numero_origem_externa":"629","ano_origem_externa":2021,"data_origem_externa":"2021-06-15","apelido":"","dias_prazo":null,"data_fim_prazo":null,"em_tramitacao":false,"polemica":false,"objeto":"","complementar":false,"ementa":"Seja encaminhado MO\u00c7\u00c3O DE PESAR \u00e0 fam\u00edlia do sr. HEBER DAMICO, pelo seu falecimento ocorrido na data de -8 de Junho de 2021.","indexacao":"Seja encaminhado MO\u00c7\u00c3O DE PESAR \u00e0 fam\u00edlia do sr. HEBER DAMICO, pelo seu falecimento ocorrido na data de -8 de Junho de 2021.","observacao":"Of\u00edcio n\u00ba 140/2021.\r\nAprovado por 13 x 0.","resultado":"","texto_original":null,"data_ultima_atualizacao":"2021-06-16T15:59:41.047606-03:00","ip":"201.62.56.23","ultima_edicao":"2021-06-16T15:57:07.237597-03:00","tipo":7,"regime_tramitacao":1,"tipo_origem_externa":7,"local_origem_externa":4,"user":60,"anexadas":[],"autores":[114]}