{"id":15889,"__str__":"OF\u00cdCIO n\u00ba 24 de 2021","link_detail_backend":"/materia/15889","metadata":{},"numero":24,"ano":2021,"numero_protocolo":null,"data_apresentacao":"2021-06-22","tipo_apresentacao":"E","data_publicacao":null,"numero_origem_externa":"","ano_origem_externa":null,"data_origem_externa":null,"apelido":"","dias_prazo":null,"data_fim_prazo":null,"em_tramitacao":false,"polemica":false,"objeto":"","complementar":false,"ementa":"Ao Excelent\u00edssimo Deputado Estadual: Senhor Jo\u00e3o Bosco\r\n\r\nGostaria de registrar meus agradecimentos \u00e0 Vossa Excel\u00eancia que tem demonstrado seu comprometimento com a popula\u00e7\u00e3o de Arax\u00e1 e trabalhando na Assembleia Legislativa junto aos \u00f3rg\u00e3os do Governo do Estado para atender as reivindica\u00e7\u00f5es da comunidade araxaense.\r\nNeste sentido acompanhamos com satisfa\u00e7\u00e3o seu empenho em buscar junto ao Comando Geral da Pol\u00edcia Militar de Minas Gerais o atendimento a reivindica\u00e7\u00e3o que lhe apresentamos via REQUERIMENTO N\u00ba 449/2021 de 11 de Maio de 2021, solicitando aumento do efetivo policial do 37\u00ba Batalh\u00e3o de Pol\u00edcia Militar com sede em Arax\u00e1.","indexacao":"Ao Excelent\u00edssimo Deputado Estadual: Senhor Jo\u00e3o Bosco\r\n\r\nGostaria de registrar meus agradecimentos \u00e0 Vossa Excel\u00eancia que tem demonstrado seu comprometimento com a popula\u00e7\u00e3o de Arax\u00e1 e trabalhando na Assembleia Legislativa junto aos \u00f3rg\u00e3os do Governo do Estado para atender as reivindica\u00e7\u00f5es da comunidade araxaense.\r\nNeste sentido acompanhamos com satisfa\u00e7\u00e3o seu empenho em buscar junto ao Comando Geral da Pol\u00edcia Militar de Minas Gerais o atendimento a reivindica\u00e7\u00e3o que lhe apresentamos via REQUERIMENTO N\u00ba 449/2021 de 11 de Maio de 2021, solicitando aumento do efetivo policial do 37\u00ba Batalh\u00e3o de Pol\u00edcia Militar com sede em Arax\u00e1.","observacao":"Of\u00edcio n\u00ba 147/2021\r\nAprovado por 14X0","resultado":"","texto_original":null,"data_ultima_atualizacao":"2021-06-23T14:31:01.648705-03:00","ip":"201.62.56.23","ultima_edicao":"2021-06-23T14:20:17.752834-03:00","tipo":24,"regime_tramitacao":1,"tipo_origem_externa":null,"local_origem_externa":null,"user":60,"anexadas":[],"autores":[91]}