{"id":15919,"__str__":"Indica\u00e7\u00e3o n\u00ba 655 de 2021","link_detail_backend":"/materia/15919","metadata":{},"numero":655,"ano":2021,"numero_protocolo":null,"data_apresentacao":"2021-06-22","tipo_apresentacao":"E","data_publicacao":null,"numero_origem_externa":"","ano_origem_externa":null,"data_origem_externa":null,"apelido":"","dias_prazo":null,"data_fim_prazo":null,"em_tramitacao":false,"polemica":false,"objeto":"","complementar":false,"ementa":"A Vereadora que a este subscreve, requer que depois de ouvido o plen\u00e1rio, seja encaminhado \u00e0 Secretaria Municipal de Educa\u00e7\u00e3o Prof. Zulma Moreira e \u00e0 Secretaria Municipal de Sa\u00fade Dra. Lorena de Pinho a seguinte indica\u00e7\u00e3o: que seja estudada a possibilidade da posterga\u00e7\u00e3o do retorno presencial \u00e0s aulas da Rede P\u00fablica Estadual e Municipal, levando em considera\u00e7\u00e3o os protocolos necess\u00e1rios de imuniza\u00e7\u00e3o da vacina aplicada (ASTRAZ\u00caNECA), e, ainda no caso das Escolas Municipais, o per\u00edodo de recesso escolar de julho, visando assim, uma maior seguran\u00e7a, adequa\u00e7\u00e3o e sucesso no retorno \u00e0s aulas presenciais.","indexacao":"A Vereadora que a este subscreve, requer que depois de ouvido o plen\u00e1rio, seja encaminhado \u00e0 Secretaria Municipal de Educa\u00e7\u00e3o Prof. Zulma Moreira e \u00e0 Secretaria Municipal de Sa\u00fade Dra. Lorena de Pinho a seguinte indica\u00e7\u00e3o: que seja estudada a possibilidade da posterga\u00e7\u00e3o do retorno presencial \u00e0s aulas da Rede P\u00fablica Estadual e Municipal, levando em considera\u00e7\u00e3o os protocolos necess\u00e1rios de imuniza\u00e7\u00e3o da vacina aplicada (ASTRAZ\u00caNECA), e, ainda no caso das Escolas Municipais, o per\u00edodo de recesso escolar de julho, visando assim, uma maior seguran\u00e7a, adequa\u00e7\u00e3o e sucesso no retorno \u00e0s aulas presenciais.","observacao":"Of\u00edcio n\u00ba 149/2021\r\nAprovado por 14X0","resultado":"","texto_original":null,"data_ultima_atualizacao":"2021-06-24T13:39:32.118402-03:00","ip":"201.62.56.23","ultima_edicao":"2021-06-24T13:27:23.704092-03:00","tipo":8,"regime_tramitacao":1,"tipo_origem_externa":null,"local_origem_externa":null,"user":60,"anexadas":[],"autores":[116]}