{"id":16002,"__str__":"Indica\u00e7\u00e3o n\u00ba 765 de 2021","link_detail_backend":"/materia/16002","metadata":{},"numero":765,"ano":2021,"numero_protocolo":0,"data_apresentacao":"2021-07-06","tipo_apresentacao":"E","data_publicacao":null,"numero_origem_externa":"765","ano_origem_externa":2021,"data_origem_externa":"2021-07-06","apelido":"","dias_prazo":null,"data_fim_prazo":null,"em_tramitacao":false,"polemica":false,"objeto":"","complementar":false,"ementa":"Seja indicado ao Excelent\u00edssimo Sr. Prefeito Municipal de Arax\u00e1/MG, Rubens Magela da Silva e \u00e0 Sra. Zulma Moreira, Secret\u00e1ria Municipal de Educa\u00e7\u00e3o, para que estudem a possibilidade de que seja implantado o programa de preven\u00e7\u00e3o obesidade zero entre as crian\u00e7as e jovens nas escolas do munic\u00edpio  com retorno das aulas presenciais, bem como tamb\u00e9m fazer cumprir a Lei de n\u00ba 6546/2012, que disp\u00f5e sobre realiza\u00e7\u00e3o de exames de preven\u00e7\u00e3o e diagn\u00f3sticos de obesidade infantil e doen\u00e7as relacionadas em crian\u00e7as do ensino fundamental no munic\u00edpio de Arax\u00e1/MG.","indexacao":"Seja indicado ao Excelent\u00edssimo Sr. Prefeito Municipal de Arax\u00e1/MG, Rubens Magela da Silva e \u00e0 Sra. Zulma Moreira, Secret\u00e1ria Municipal de Educa\u00e7\u00e3o, para que estudem a possibilidade de que seja implantado o programa de preven\u00e7\u00e3o obesidade zero entre as crian\u00e7as e jovens nas escolas do munic\u00edpio  com retorno das aulas presenciais, bem como tamb\u00e9m fazer cumprir a Lei de n\u00ba 6546/2012, que disp\u00f5e sobre realiza\u00e7\u00e3o de exames de preven\u00e7\u00e3o e diagn\u00f3sticos de obesidade infantil e doen\u00e7as relacionadas em crian\u00e7as do ensino fundamental no munic\u00edpio de Arax\u00e1/MG.","observacao":"Of\u00edcio n\u00ba 162/2021.\r\nAprovada por 14 x 0.","resultado":"","texto_original":null,"data_ultima_atualizacao":"2021-07-08T14:38:05.334422-03:00","ip":"131.100.189.5","ultima_edicao":"2021-07-08T14:31:04.372254-03:00","tipo":8,"regime_tramitacao":1,"tipo_origem_externa":8,"local_origem_externa":4,"user":60,"anexadas":[],"autores":[117]}