{"id":16011,"__str__":"Requerimento n\u00ba 784 de 2021","link_detail_backend":"/materia/16011","metadata":{},"numero":784,"ano":2021,"numero_protocolo":null,"data_apresentacao":"2021-07-06","tipo_apresentacao":"E","data_publicacao":null,"numero_origem_externa":"","ano_origem_externa":null,"data_origem_externa":null,"apelido":"","dias_prazo":null,"data_fim_prazo":null,"em_tramitacao":false,"polemica":false,"objeto":"","complementar":false,"ementa":"A Vereadora abaixo assinado solicita que seja encaminhada ao, ao Excelent\u00edssimo Prefeito Municipal e \u00e0 Secret\u00e1ria de Sa\u00fade, Lorena de Pinho Magalh\u00e3es, requerimento com o seguinte pedido:\r\n- identifica\u00e7\u00e3o do indiv\u00edduo vacinado, devendo constar o nome completo e endere\u00e7o do vacinado;\r\n- grupo de vacina\u00e7\u00e3o a que pertence o indiv\u00edduo vacinado, seja qual for o seu grau de prioridade;\r\n- data de aplica\u00e7\u00e3o da vacina (todas as doses);\r\n- nome do profissional respons\u00e1vel pela aplica\u00e7\u00e3o da vacina;\r\n- caso exer\u00e7a atividades em unidade de sa\u00fade ou outro \u00f3rg\u00e3o p\u00fablico, indicar o seu local de trabalho;\r\n- local das vacina\u00e7\u00e3o;\r\n- nome do laborat\u00f3rio respons\u00e1vel pelo fornecimento da vacina;\r\n- c\u00f3digo e lote de vacina aplicada.","indexacao":"A Vereadora abaixo assinado solicita que seja encaminhada ao, ao Excelent\u00edssimo Prefeito Municipal e \u00e0 Secret\u00e1ria de Sa\u00fade, Lorena de Pinho Magalh\u00e3es, requerimento com o seguinte pedido:\r\n- identifica\u00e7\u00e3o do indiv\u00edduo vacinado, devendo constar o nome completo e endere\u00e7o do vacinado;\r\n- grupo de vacina\u00e7\u00e3o a que pertence o indiv\u00edduo vacinado, seja qual for o seu grau de prioridade;\r\n- data de aplica\u00e7\u00e3o da vacina (todas as doses);\r\n- nome do profissional respons\u00e1vel pela aplica\u00e7\u00e3o da vacina;\r\n- caso exer\u00e7a atividades em unidade de sa\u00fade ou outro \u00f3rg\u00e3o p\u00fablico, indicar o seu local de trabalho;\r\n- local das vacina\u00e7\u00e3o;\r\n- nome do laborat\u00f3rio respons\u00e1vel pelo fornecimento da vacina;\r\n- c\u00f3digo e lote de vacina aplicada.","observacao":"Of\u00edcio n\u00ba 162/2021\r\nAprovado por 14X0\r\nVereadora signat\u00e1ria: Professora Leni Nobre.","resultado":"","texto_original":null,"data_ultima_atualizacao":"2021-07-08T15:23:28.099247-03:00","ip":"131.100.189.5","ultima_edicao":"2021-07-08T15:08:21.889509-03:00","tipo":3,"regime_tramitacao":1,"tipo_origem_externa":null,"local_origem_externa":null,"user":60,"anexadas":[],"autores":[99]}