{"id":16069,"__str__":"Indica\u00e7\u00e3o n\u00ba 833 de 2021","link_detail_backend":"/materia/16069","metadata":{},"numero":833,"ano":2021,"numero_protocolo":0,"data_apresentacao":"2021-07-20","tipo_apresentacao":"E","data_publicacao":null,"numero_origem_externa":"833","ano_origem_externa":2021,"data_origem_externa":"2021-07-20","apelido":"","dias_prazo":null,"data_fim_prazo":null,"em_tramitacao":false,"polemica":false,"objeto":"","complementar":false,"ementa":"Seja encaminhado ao Prefeito Municipal, Sr. Rubens Magela da Silva, o seguinte pedido: - Que seja estudada a possibilidade da cria\u00e7\u00e3o de um centro de atendimento e aten\u00e7\u00e3o \u00e0 sa\u00fade do idoso em Arax\u00e1/MG.","indexacao":"Seja encaminhado ao Prefeito Municipal, Sr. Rubens Magela da Silva, o seguinte pedido: - Que seja estudada a possibilidade da cria\u00e7\u00e3o de um centro de atendimento e aten\u00e7\u00e3o \u00e0 sa\u00fade do idoso em Arax\u00e1/MG.","observacao":"Of\u00edcio n\u00ba 181/2021.\r\nAprovado por 13 x 0.","resultado":"","texto_original":null,"data_ultima_atualizacao":"2021-07-21T13:59:06.072152-03:00","ip":"131.100.189.5","ultima_edicao":"2021-07-21T13:41:24.858162-03:00","tipo":8,"regime_tramitacao":1,"tipo_origem_externa":8,"local_origem_externa":4,"user":60,"anexadas":[],"autores":[116]}