{"id":16142,"__str__":"Indica\u00e7\u00e3o n\u00ba 906 de 2021","link_detail_backend":"/materia/16142","metadata":{},"numero":906,"ano":2021,"numero_protocolo":0,"data_apresentacao":"2021-07-27","tipo_apresentacao":"E","data_publicacao":null,"numero_origem_externa":"906","ano_origem_externa":2021,"data_origem_externa":"2021-07-27","apelido":"","dias_prazo":null,"data_fim_prazo":null,"em_tramitacao":false,"polemica":false,"objeto":"","complementar":false,"ementa":"Seja encaminhada ao Excelent\u00edssimo Prefeito Municipal, esta indica\u00e7\u00e3o, com a seguinte recomenda\u00e7\u00e3o: - Que seja analisada junto ao Comit\u00ea de Enfrentamento \u00e0 COVID-19 de Arax\u00e1/MG, a viabilidade e a consequente possibilidade de reabertura dos sal\u00f5es de festas e eventos de nossa cidade.","indexacao":"Seja encaminhada ao Excelent\u00edssimo Prefeito Municipal, esta indica\u00e7\u00e3o, com a seguinte recomenda\u00e7\u00e3o: - Que seja analisada junto ao Comit\u00ea de Enfrentamento \u00e0 COVID-19 de Arax\u00e1/MG, a viabilidade e a consequente possibilidade de reabertura dos sal\u00f5es de festas e eventos de nossa cidade.","observacao":"Of\u00edcio n\u00ba 191/2021.\r\nAprovado por 13 x 0.","resultado":"","texto_original":null,"data_ultima_atualizacao":"2021-07-29T15:02:54.900796-03:00","ip":"131.100.189.5","ultima_edicao":"2021-07-29T14:58:02.606237-03:00","tipo":8,"regime_tramitacao":1,"tipo_origem_externa":8,"local_origem_externa":4,"user":60,"anexadas":[],"autores":[99]}