{"id":16331,"__str__":"Requerimento n\u00ba 1070 de 2021","link_detail_backend":"/materia/16331","metadata":{},"numero":1070,"ano":2021,"numero_protocolo":null,"data_apresentacao":"2021-08-31","tipo_apresentacao":"E","data_publicacao":null,"numero_origem_externa":"","ano_origem_externa":null,"data_origem_externa":null,"apelido":"","dias_prazo":null,"data_fim_prazo":null,"em_tramitacao":false,"polemica":false,"objeto":"","complementar":false,"ementa":"O vereador abaixo assinado requer que, ap\u00f3s cumprido os tr\u00e2mites legais, seja encaminhado a Secret\u00e1ria de Sa\u00fade do Munic\u00edpio de Arax\u00e1, Sra. Lorena Magalh\u00e3es, of\u00edcio contendo o seguinte pedido de providencias:  \r\n\r\nA realoca\u00e7\u00e3o de M\u00e9dico Cl\u00ednico Geral no (ESF) Estrat\u00e9gia da Sa\u00fade da Fam\u00edlia, localizado no bairro Urciano Lemos.","indexacao":"O vereador abaixo assinado requer que, ap\u00f3s cumprido os tr\u00e2mites legais, seja encaminhado a Secret\u00e1ria de Sa\u00fade do Munic\u00edpio de Arax\u00e1, Sra. Lorena Magalh\u00e3es, of\u00edcio contendo o seguinte pedido de providencias:  \r\n\r\nA realoca\u00e7\u00e3o de M\u00e9dico Cl\u00ednico Geral no (ESF) Estrat\u00e9gia da Sa\u00fade da Fam\u00edlia, localizado no bairro Urciano Lemos.","observacao":"Of\u00edcio n\u00ba 254/2021\r\nAprovado por 13X0","resultado":"","texto_original":null,"data_ultima_atualizacao":"2021-09-01T15:18:42.983127-03:00","ip":"131.100.189.5","ultima_edicao":"2021-09-01T15:09:54.392533-03:00","tipo":3,"regime_tramitacao":1,"tipo_origem_externa":null,"local_origem_externa":null,"user":60,"anexadas":[],"autores":[115]}