{"id":16370,"__str__":"Indica\u00e7\u00e3o n\u00ba 1101 de 2021","link_detail_backend":"/materia/16370","metadata":{},"numero":1101,"ano":2021,"numero_protocolo":null,"data_apresentacao":"2021-09-09","tipo_apresentacao":"E","data_publicacao":null,"numero_origem_externa":"","ano_origem_externa":null,"data_origem_externa":null,"apelido":"","dias_prazo":null,"data_fim_prazo":null,"em_tramitacao":false,"polemica":false,"objeto":"","complementar":false,"ementa":"O Vereador que a esta subscreve, requer depois de cumprido os tr\u00e2mites regimentais, seja encaminhado ao Sr. Prefeito Municipal de Arax\u00e1, o seguinte pedido de provid\u00eancia:\r\n\r\nQue verifique a possibilidade de envio de um projeto de lei determinando a CRIA\u00c7\u00c3O DO PROGRAMA DE CIRURGIAS ELETIVAS NO \u00c2MBITO DO MUNIC\u00cdPIO DE ARAX\u00c1.","indexacao":"O Vereador que a esta subscreve, requer depois de cumprido os tr\u00e2mites regimentais, seja encaminhado ao Sr. Prefeito Municipal de Arax\u00e1, o seguinte pedido de provid\u00eancia:\r\n\r\nQue verifique a possibilidade de envio de um projeto de lei determinando a CRIA\u00c7\u00c3O DO PROGRAMA DE CIRURGIAS ELETIVAS NO \u00c2MBITO DO MUNIC\u00cdPIO DE ARAX\u00c1.","observacao":"Of\u00edcio n\u00ba 259/2021\r\nAprovado por 14X0\r\nVereadores Signat\u00e1rios : Maristela Dutra, Jo\u00e3o Veras.","resultado":"","texto_original":null,"data_ultima_atualizacao":"2021-09-10T15:23:39.817041-03:00","ip":"167.249.151.98","ultima_edicao":"2021-09-10T15:16:36.587635-03:00","tipo":8,"regime_tramitacao":1,"tipo_origem_externa":null,"local_origem_externa":null,"user":60,"anexadas":[],"autores":[114]}