{"id":16644,"__str__":"Indica\u00e7\u00e3o n\u00ba 1342 de 2021","link_detail_backend":"/materia/16644","metadata":{},"numero":1342,"ano":2021,"numero_protocolo":null,"data_apresentacao":"2021-10-26","tipo_apresentacao":"E","data_publicacao":null,"numero_origem_externa":"","ano_origem_externa":null,"data_origem_externa":null,"apelido":"","dias_prazo":null,"data_fim_prazo":null,"em_tramitacao":false,"polemica":false,"objeto":"","complementar":false,"ementa":"O Vereador que a esta subscreve, requer a Vossa Excel\u00eancia, uma vez cumpridas as normas regimentais desta Casa Legislativa, que seja encaminhada ao Sr. Sebasti\u00e3o Donizete de Souza (Secret\u00e1rio de Obras P\u00fablicas e Mobilidade Urbana) a seguinte indica\u00e7\u00e3o:   \r\n\r\nQue estude a possibilidade de abrir determinados trechos que ficam na parte secund\u00e1ria da Avenida Prefeito Aracely de Paula, em Arax\u00e1.","indexacao":"O Vereador que a esta subscreve, requer a Vossa Excel\u00eancia, uma vez cumpridas as normas regimentais desta Casa Legislativa, que seja encaminhada ao Sr. Sebasti\u00e3o Donizete de Souza (Secret\u00e1rio de Obras P\u00fablicas e Mobilidade Urbana) a seguinte indica\u00e7\u00e3o:   \r\n\r\nQue estude a possibilidade de abrir determinados trechos que ficam na parte secund\u00e1ria da Avenida Prefeito Aracely de Paula, em Arax\u00e1.","observacao":"Of\u00edcio n\u00ba 333/2021\r\nAprovado por 13X0","resultado":"","texto_original":null,"data_ultima_atualizacao":"2021-10-27T16:33:09.780577-03:00","ip":"167.249.151.98","ultima_edicao":"2021-10-27T16:27:59.856542-03:00","tipo":8,"regime_tramitacao":1,"tipo_origem_externa":null,"local_origem_externa":null,"user":60,"anexadas":[],"autores":[121]}