{"id":16886,"__str__":"Mo\u00e7\u00e3o n\u00ba 1471 de 2021","link_detail_backend":"/materia/16886","metadata":{},"numero":1471,"ano":2021,"numero_protocolo":0,"data_apresentacao":"2021-12-07","tipo_apresentacao":"E","data_publicacao":null,"numero_origem_externa":"1471","ano_origem_externa":2021,"data_origem_externa":"2021-12-07","apelido":"","dias_prazo":null,"data_fim_prazo":null,"em_tramitacao":false,"polemica":false,"objeto":"","complementar":false,"ementa":"Seja encaminhada MO\u00c7\u00c3O DE CONGRATULA\u00c7\u00d5ES E RECONHECIMENTO ao Sr. EUR\u00cdPEDES MARCOS PEDRO, homenageando-o pela autoria e o trabalho desenvolvido atrav\u00e9s do Projeto FRUTIFICAI em nossa cidade.","indexacao":"Seja encaminhada MO\u00c7\u00c3O DE CONGRATULA\u00c7\u00d5ES E RECONHECIMENTO ao Sr. EUR\u00cdPEDES MARCOS PEDRO, homenageando-o pela autoria e o trabalho desenvolvido atrav\u00e9s do Projeto FRUTIFICAI em nossa cidade.","observacao":"Of\u00edcio n\u00ba 395/2021.\r\nAprovado por 12 x 0.","resultado":"","texto_original":null,"data_ultima_atualizacao":"2021-12-09T14:36:05.051015-03:00","ip":"167.249.151.98","ultima_edicao":"2021-12-09T14:33:02.236278-03:00","tipo":7,"regime_tramitacao":1,"tipo_origem_externa":7,"local_origem_externa":4,"user":60,"anexadas":[],"autores":[116]}