{"id":16901,"__str__":"Mo\u00e7\u00e3o n\u00ba 1561 de 2021","link_detail_backend":"/materia/16901","metadata":{},"numero":1561,"ano":2021,"numero_protocolo":null,"data_apresentacao":"2021-12-14","tipo_apresentacao":"E","data_publicacao":null,"numero_origem_externa":"","ano_origem_externa":null,"data_origem_externa":null,"apelido":"","dias_prazo":null,"data_fim_prazo":null,"em_tramitacao":false,"polemica":false,"objeto":"","complementar":false,"ementa":"O Vereador que a este subscreve, REQUER de Vossa Excel\u00eancia que, uma vez cumpridas as normas regimentais desta Casa Legislativa, seja encaminhada MO\u00c7\u00c3O DE PESAR \u00e0 fam\u00edlia do Sr. Vitor Paulo da Silva pelo seu falecimento ocorrido na data de 21 de novembro de 2021.","indexacao":"O Vereador que a este subscreve, REQUER de Vossa Excel\u00eancia que, uma vez cumpridas as normas regimentais desta Casa Legislativa, seja encaminhada MO\u00c7\u00c3O DE PESAR \u00e0 fam\u00edlia do Sr. Vitor Paulo da Silva pelo seu falecimento ocorrido na data de 21 de novembro de 2021.","observacao":"Of\u00edcio n\u00ba 401/2021\r\nAprovado por 13X0","resultado":"","texto_original":null,"data_ultima_atualizacao":"2021-12-15T10:52:37.884286-03:00","ip":"167.249.151.98","ultima_edicao":"2021-12-15T10:45:03.070950-03:00","tipo":7,"regime_tramitacao":1,"tipo_origem_externa":null,"local_origem_externa":null,"user":60,"anexadas":[],"autores":[115]}